{"id":10556,"date":"2025-02-10T23:40:17","date_gmt":"2025-02-11T04:40:17","guid":{"rendered":"https:\/\/www.soccernoticias.com\/blog\/?p=10556"},"modified":"2025-02-10T23:44:13","modified_gmt":"2025-02-11T04:44:13","slug":"lito-vidigal-is-the-new-manager-boavista","status":"publish","type":"post","link":"https:\/\/www.soccernoticias.com\/blog\/lito-vidigal-is-the-new-manager-boavista\/","title":{"rendered":"Lito Vidigal is the New Manager of Boavista"},"content":{"rendered":"<p>Lito Vidigal was announced as Boavista&#8217;s new manager. He replaces Cristiano Bacci, who left because he felt he did not have the suitable conditions to manage the club.<\/p>\n<p>The new manager signed a contract until the end of the current season.<\/p>\n<p>Vidigal undertakes the difficult task of trying to take his new last-place club out of the bottom at a time when they are prohibited by FIFA from registering new players due to past debt.<\/p>\n<p>This is a return of Vidigal to Bessa, who already managed this club during the 2018\/19 and 2019\/20 seasons, in which Boavista finished in eighth and 12th place, respectively.<\/p>\n<p>At 55 years old and after 191 matches in the Liga, Vidigal has been unemployed since June of last year, when he saved Feirense from relegation to the third tier in the play-off against Lusit\u00e2nia de Lourosa.<\/p>\n<p>&nbsp;<\/p>\n<blockquote class=\"twitter-tweet\">\n<p dir=\"ltr\" lang=\"pt\">, Lito Vidigal<\/p>\n<p>Novo cap\u00edtulo, mesma paix\u00e3o. Bem-vindo, mister!\u00a0&#x26ab;&#x26aa;<a href=\"https:\/\/twitter.com\/hashtag\/FeitosDeXadrez?src=hash&amp;ref_src=twsrc%5Etfw\">#FeitosDeXadrez<\/a> <a href=\"https:\/\/t.co\/83onFse0ph\">pic.twitter.com\/83onFse0ph<\/a><\/p>\n<p>\u2014 Boavista FC (@boavistaoficial) <a href=\"https:\/\/twitter.com\/boavistaoficial\/status\/1889041554003624282?ref_src=twsrc%5Etfw\">February 10, 2025<\/a><\/p><\/blockquote>\n<p><script async src=\"https:\/\/platform.twitter.com\/widgets.js\" charset=\"utf-8\"><\/script><\/p>\n<p>&nbsp;<\/p>\n","protected":false},"excerpt":{"rendered":"<p>Lito Vidigal was announced as Boavista&#8217;s new manager. He replaces Cristiano Bacci, who left because he felt he did not have the suitable conditions to&#8230;<\/p>\n","protected":false},"author":2,"featured_media":10557,"comment_status":"closed","ping_status":"closed","sticky":false,"template":"","format":"standard","meta":{"_jetpack_newsletter_access":"","_jetpack_dont_email_post_to_subs":false,"_jetpack_newsletter_tier_id":0,"_jetpack_memberships_contains_paywalled_content":false,"_jetpack_memberships_contains_paid_content":false,"footnotes":""},"categories":[1],"tags":[],"class_list":["post-10556","post","type-post","status-publish","format-standard","has-post-thumbnail","hentry","category-uncategorized","wpcat-1-id"],"jetpack_featured_media_url":"https:\/\/i0.wp.com\/www.soccernoticias.com\/blog\/wp-content\/uploads\/2025\/02\/LitoVidigalBoavista.png?fit=862%2C577&ssl=1","jetpack_sharing_enabled":true,"jetpack_shortlink":"https:\/\/wp.me\/pdnh7s-2Kg","jetpack-related-posts":[{"id":10340,"url":"https:\/\/www.soccernoticias.com\/blog\/luis-freire-is-the-new-manager-of-vitoria-sc\/","url_meta":{"origin":10556,"position":0},"title":"Lu\u00eds Freire is the New Manager of Vitoria SC","author":"Psoccer","date":"January 15, 2025","format":false,"excerpt":"With extensive experience in the top tier of Portuguese football, Lu\u00eds Freire is the new manager of the Vit\u00f3ria Sport Clube main team, succeeding Daniel Sousa. The board of directors of Vit\u00f3ria Sport Clube, Futebol SAD agreed with the 39-year-old professional to sign a sports employment contract to run until\u2026","rel":"","context":"Similar post","block_context":{"text":"Similar post","link":""},"img":{"alt_text":"","src":"https:\/\/i0.wp.com\/www.soccernoticias.com\/blog\/wp-content\/uploads\/2025\/01\/luis_freire_noticia-1024x683-1.jpg?fit=1024%2C683&ssl=1&resize=350%2C200","width":350,"height":200,"srcset":"https:\/\/i0.wp.com\/www.soccernoticias.com\/blog\/wp-content\/uploads\/2025\/01\/luis_freire_noticia-1024x683-1.jpg?fit=1024%2C683&ssl=1&resize=350%2C200 1x, https:\/\/i0.wp.com\/www.soccernoticias.com\/blog\/wp-content\/uploads\/2025\/01\/luis_freire_noticia-1024x683-1.jpg?fit=1024%2C683&ssl=1&resize=525%2C300 1.5x, https:\/\/i0.wp.com\/www.soccernoticias.com\/blog\/wp-content\/uploads\/2025\/01\/luis_freire_noticia-1024x683-1.jpg?fit=1024%2C683&ssl=1&resize=700%2C400 2x"},"classes":[]},{"id":10477,"url":"https:\/\/www.soccernoticias.com\/blog\/fc-porto-name-martin-anselmi-as-new-manager\/","url_meta":{"origin":10556,"position":1},"title":"FC Porto Name Martin Anselmi as New Manager","author":"Psoccer","date":"January 28, 2025","format":false,"excerpt":"FC Porto has officially appointed 39-year-old Martin Anselmi as their new manager and he signed until 2027. Porto is his first job in Europe. Mart\u00edn Anselmi boasts four titles in his curriculum, all won at the helm of Independiente del Valle: an Ecuadorian Cup (2022), an Ecuadorian Super Cup (2023),\u2026","rel":"","context":"Similar post","block_context":{"text":"Similar post","link":""},"img":{"alt_text":"","src":"https:\/\/i0.wp.com\/www.soccernoticias.com\/blog\/wp-content\/uploads\/2025\/01\/Anselmi-scaled.jpeg?fit=1200%2C800&ssl=1&resize=350%2C200","width":350,"height":200,"srcset":"https:\/\/i0.wp.com\/www.soccernoticias.com\/blog\/wp-content\/uploads\/2025\/01\/Anselmi-scaled.jpeg?fit=1200%2C800&ssl=1&resize=350%2C200 1x, https:\/\/i0.wp.com\/www.soccernoticias.com\/blog\/wp-content\/uploads\/2025\/01\/Anselmi-scaled.jpeg?fit=1200%2C800&ssl=1&resize=525%2C300 1.5x, https:\/\/i0.wp.com\/www.soccernoticias.com\/blog\/wp-content\/uploads\/2025\/01\/Anselmi-scaled.jpeg?fit=1200%2C800&ssl=1&resize=700%2C400 2x, https:\/\/i0.wp.com\/www.soccernoticias.com\/blog\/wp-content\/uploads\/2025\/01\/Anselmi-scaled.jpeg?fit=1200%2C800&ssl=1&resize=1050%2C600 3x"},"classes":[]},{"id":11362,"url":"https:\/\/www.soccernoticias.com\/blog\/nuno-espirito-santo-named-west-ham-united-manager\/","url_meta":{"origin":10556,"position":2},"title":"Nuno Esp\u00edrito Santo Named West Ham United Manager","author":"Psoccer","date":"September 28, 2025","format":false,"excerpt":"West Ham United have appointed Nuno Esp\u00edrito Santo as their new manager after sacking Graham Potter in the wake of a dismal start to the Premier League season. The decision was confirmed on Saturday, ending Potter\u2019s short and turbulent tenure in East London. Nuno, 51, arrives with a wealth of\u2026","rel":"","context":"Similar post","block_context":{"text":"Similar post","link":""},"img":{"alt_text":"","src":"https:\/\/i0.wp.com\/www.soccernoticias.com\/blog\/wp-content\/uploads\/2025\/09\/WestHamNuno.jpg?fit=768%2C432&ssl=1&resize=350%2C200","width":350,"height":200,"srcset":"https:\/\/i0.wp.com\/www.soccernoticias.com\/blog\/wp-content\/uploads\/2025\/09\/WestHamNuno.jpg?fit=768%2C432&ssl=1&resize=350%2C200 1x, https:\/\/i0.wp.com\/www.soccernoticias.com\/blog\/wp-content\/uploads\/2025\/09\/WestHamNuno.jpg?fit=768%2C432&ssl=1&resize=525%2C300 1.5x, https:\/\/i0.wp.com\/www.soccernoticias.com\/blog\/wp-content\/uploads\/2025\/09\/WestHamNuno.jpg?fit=768%2C432&ssl=1&resize=700%2C400 2x"},"classes":[]},{"id":11086,"url":"https:\/\/www.soccernoticias.com\/blog\/a-new-era-at-the-dragao-fc-porto-hire-francesco-farioli\/","url_meta":{"origin":10556,"position":3},"title":"A New Era at the Drag\u00e3o: FC Porto Hire Francesco Farioli","author":"Psoccer","date":"July 6, 2025","format":false,"excerpt":"Francesco Farioli has been appointed as the manager of FC Porto, signing a two-year contract that runs until 2027. The 36-year-old Italian takes over the role less than two months after leaving Ajax, where he managed for one season. During his time at Ajax, Farioli led the team to a\u2026","rel":"","context":"Similar post","block_context":{"text":"Similar post","link":""},"img":{"alt_text":"","src":"https:\/\/i0.wp.com\/www.soccernoticias.com\/blog\/wp-content\/uploads\/2025\/07\/Farioli.jpg?fit=1200%2C800&ssl=1&resize=350%2C200","width":350,"height":200,"srcset":"https:\/\/i0.wp.com\/www.soccernoticias.com\/blog\/wp-content\/uploads\/2025\/07\/Farioli.jpg?fit=1200%2C800&ssl=1&resize=350%2C200 1x, https:\/\/i0.wp.com\/www.soccernoticias.com\/blog\/wp-content\/uploads\/2025\/07\/Farioli.jpg?fit=1200%2C800&ssl=1&resize=525%2C300 1.5x, https:\/\/i0.wp.com\/www.soccernoticias.com\/blog\/wp-content\/uploads\/2025\/07\/Farioli.jpg?fit=1200%2C800&ssl=1&resize=700%2C400 2x, https:\/\/i0.wp.com\/www.soccernoticias.com\/blog\/wp-content\/uploads\/2025\/07\/Farioli.jpg?fit=1200%2C800&ssl=1&resize=1050%2C600 3x"},"classes":[]},{"id":11291,"url":"https:\/\/www.soccernoticias.com\/blog\/benfica-sack-bruno-lage-after-stunning-3-2-champions-league-loss-to-qarabag\/","url_meta":{"origin":10556,"position":4},"title":"Benfica Sack Bruno Lage After Stunning 3-2 Champions League Loss to Qarabag; Press Speculate on Possible Mourinho Return to Luz","author":"Administrator","date":"September 16, 2025","format":false,"excerpt":"Benfica\u2019s Champions League campaign began shockingly on Tuesday night as the Eagles squandered a two-goal lead and fell 3-2 at home to Qarabag FK, prompting the dismissal of manager Bruno Lage just hours later. The night at Est\u00e1dio da Luz began brightly for the hosts. Enzo Barrenechea opened the scoring\u2026","rel":"","context":"Similar post","block_context":{"text":"Similar post","link":""},"img":{"alt_text":"","src":"https:\/\/i0.wp.com\/www.soccernoticias.com\/blog\/wp-content\/uploads\/2025\/09\/bruno-lage.jpg?fit=1200%2C720&ssl=1&resize=350%2C200","width":350,"height":200,"srcset":"https:\/\/i0.wp.com\/www.soccernoticias.com\/blog\/wp-content\/uploads\/2025\/09\/bruno-lage.jpg?fit=1200%2C720&ssl=1&resize=350%2C200 1x, https:\/\/i0.wp.com\/www.soccernoticias.com\/blog\/wp-content\/uploads\/2025\/09\/bruno-lage.jpg?fit=1200%2C720&ssl=1&resize=525%2C300 1.5x, https:\/\/i0.wp.com\/www.soccernoticias.com\/blog\/wp-content\/uploads\/2025\/09\/bruno-lage.jpg?fit=1200%2C720&ssl=1&resize=700%2C400 2x, https:\/\/i0.wp.com\/www.soccernoticias.com\/blog\/wp-content\/uploads\/2025\/09\/bruno-lage.jpg?fit=1200%2C720&ssl=1&resize=1050%2C600 3x"},"classes":[]},{"id":11314,"url":"https:\/\/www.soccernoticias.com\/blog\/jose-mourinho-named-new-benfica-manager\/","url_meta":{"origin":10556,"position":5},"title":"Jos\u00e9 Mourinho Named New Benfica Manager; First Match at AVS","author":"Administrator","date":"September 19, 2025","format":false,"excerpt":"Benfica has officially appointed Jos\u00e9 Mourinho as the club\u2019s new manager, bringing one of the most successful coaches in football history back to the Portuguese top flight. The announcement came just 24 hours after Benfica\u2019s 3-2 home loss to Qaraba\u011f in their Champions League opener, a result that led to\u2026","rel":"","context":"Similar post","block_context":{"text":"Similar post","link":""},"img":{"alt_text":"","src":"https:\/\/i0.wp.com\/www.soccernoticias.com\/blog\/wp-content\/uploads\/2025\/09\/MourinhoRuiCosta.jpg?fit=928%2C521&ssl=1&resize=350%2C200","width":350,"height":200,"srcset":"https:\/\/i0.wp.com\/www.soccernoticias.com\/blog\/wp-content\/uploads\/2025\/09\/MourinhoRuiCosta.jpg?fit=928%2C521&ssl=1&resize=350%2C200 1x, https:\/\/i0.wp.com\/www.soccernoticias.com\/blog\/wp-content\/uploads\/2025\/09\/MourinhoRuiCosta.jpg?fit=928%2C521&ssl=1&resize=525%2C300 1.5x, https:\/\/i0.wp.com\/www.soccernoticias.com\/blog\/wp-content\/uploads\/2025\/09\/MourinhoRuiCosta.jpg?fit=928%2C521&ssl=1&resize=700%2C400 2x"},"classes":[]}],"_links":{"self":[{"href":"https:\/\/www.soccernoticias.com\/blog\/wp-json\/wp\/v2\/posts\/10556","targetHints":{"allow":["GET"]}}],"collection":[{"href":"https:\/\/www.soccernoticias.com\/blog\/wp-json\/wp\/v2\/posts"}],"about":[{"href":"https:\/\/www.soccernoticias.com\/blog\/wp-json\/wp\/v2\/types\/post"}],"author":[{"embeddable":true,"href":"https:\/\/www.soccernoticias.com\/blog\/wp-json\/wp\/v2\/users\/2"}],"replies":[{"embeddable":true,"href":"https:\/\/www.soccernoticias.com\/blog\/wp-json\/wp\/v2\/comments?post=10556"}],"version-history":[{"count":6,"href":"https:\/\/www.soccernoticias.com\/blog\/wp-json\/wp\/v2\/posts\/10556\/revisions"}],"predecessor-version":[{"id":10563,"href":"https:\/\/www.soccernoticias.com\/blog\/wp-json\/wp\/v2\/posts\/10556\/revisions\/10563"}],"wp:featuredmedia":[{"embeddable":true,"href":"https:\/\/www.soccernoticias.com\/blog\/wp-json\/wp\/v2\/media\/10557"}],"wp:attachment":[{"href":"https:\/\/www.soccernoticias.com\/blog\/wp-json\/wp\/v2\/media?parent=10556"}],"wp:term":[{"taxonomy":"category","embeddable":true,"href":"https:\/\/www.soccernoticias.com\/blog\/wp-json\/wp\/v2\/categories?post=10556"},{"taxonomy":"post_tag","embeddable":true,"href":"https:\/\/www.soccernoticias.com\/blog\/wp-json\/wp\/v2\/tags?post=10556"}],"curies":[{"name":"wp","href":"https:\/\/api.w.org\/{rel}","templated":true}]}}